[{"@context":"https:\/\/schema.org\/","@type":"Article","@id":"https:\/\/www.aridareal.cz\/jarni-doplnky-anebo-jak-byt-stylova-a-prakticka\/#Article","mainEntityOfPage":"https:\/\/www.aridareal.cz\/jarni-doplnky-anebo-jak-byt-stylova-a-prakticka\/","headline":"Jarn\u00ed dopl\u0148ky anebo jak b\u00fdt stylov\u00e1 a praktick\u00e1","name":"Jarn\u00ed dopl\u0148ky anebo jak b\u00fdt stylov\u00e1 a praktick\u00e1","description":"Asi nen\u00ed tajemstv\u00edm, \u017ee jarn\u00ed obdob\u00ed je skv\u011blou p\u0159\u00edle\u017eitost\u00ed k\u00a0zakomponov\u00e1n\u00ed barev do va\u0161eho \u0161atn\u00edku. Jako ka\u017ed\u00fd rok, i letos budete jist\u011b na ulic\u00edch potk\u00e1vat spousty pastelov\u00fdch barev, vol\u00e1nk\u016f, rozevl\u00e1t\u00fdch sukn\u00ed, plisovan\u00fdch sukn\u00ed i culottes kalhot. Jaro p\u0159\u00edmo vyb\u00edz\u00ed k\u00a0jemn\u00fdm t\u00f3n\u016fm a decentn\u00edmu looku, kter\u00fd m\u016f\u017ee b\u00fdt vesel\u00fd a hrav\u00fd. K\u0159iklav\u00fdm odst\u00edn\u016fm se nemus\u00edte vyh\u00fdbat, ale [&hellip;]","datePublished":"2025-03-03","dateModified":"2023-04-29","author":{"@type":"Person","@id":"https:\/\/www.aridareal.cz\/author\/#Person","name":"aridareal.cz\n","url":"https:\/\/www.aridareal.cz\/author\/","identifier":1,"image":{"@type":"ImageObject","@id":"https:\/\/secure.gravatar.com\/avatar\/d81a95b988e562d8ac0fc1eb5578e43f924bf78e85c5259f0dcab44a306610fa?s=96&d=mm&r=g","url":"https:\/\/secure.gravatar.com\/avatar\/d81a95b988e562d8ac0fc1eb5578e43f924bf78e85c5259f0dcab44a306610fa?s=96&d=mm&r=g","height":96,"width":96}},"publisher":{"@type":"Organization","name":"aridareal.cz","logo":{"@type":"ImageObject","@id":"\/logo.png","url":"\/logo.png","width":600,"height":60}},"image":{"@type":"ImageObject","@id":"https:\/\/www.aridareal.cz\/wp-content\/uploads\/img_a342705_w2006_t1555936812.jpg","url":"https:\/\/www.aridareal.cz\/wp-content\/uploads\/img_a342705_w2006_t1555936812.jpg","height":0,"width":0},"url":"https:\/\/www.aridareal.cz\/jarni-doplnky-anebo-jak-byt-stylova-a-prakticka\/","about":["M\u00f3da"],"wordCount":486,"articleBody":"Asi nen\u00ed tajemstv\u00edm, \u017ee jarn\u00ed obdob\u00ed je skv\u011blou p\u0159\u00edle\u017eitost\u00ed k\u00a0zakomponov\u00e1n\u00ed barev do va\u0161eho \u0161atn\u00edku. Jako ka\u017ed\u00fd rok, i letos budete jist\u011b na ulic\u00edch potk\u00e1vat spousty pastelov\u00fdch barev, vol\u00e1nk\u016f, rozevl\u00e1t\u00fdch sukn\u00ed, plisovan\u00fdch sukn\u00ed i culottes kalhot.Jaro p\u0159\u00edmo vyb\u00edz\u00ed k\u00a0jemn\u00fdm t\u00f3n\u016fm a decentn\u00edmu looku, kter\u00fd m\u016f\u017ee b\u00fdt vesel\u00fd a hrav\u00fd. K\u0159iklav\u00fdm odst\u00edn\u016fm se nemus\u00edte vyh\u00fdbat, ale pracujte s\u00a0nimi opatrn\u011b a s\u00a0rozvahou.Dnes se v\u0161ak zam\u011b\u0159\u00edme sp\u00ed\u0161e na dopl\u0148ky. Kter\u00e9 z\u00a0v\u00e1s letos na ja\u0159e ud\u011blaj\u00ed kav\u00e1rensk\u00fdch d\u00fdch\u00e1nk\u016f?Bat\u016f\u017eky a ledvinkyMal\u00e9 roztomil\u00e9 bat\u016f\u017eky jsou hitem u\u017e p\u00e1r let. P\u0159esto\u017ee jejich \u010detnost letos ji\u017e nen\u00ed tak vysok\u00e1, st\u00e1le jsou skv\u011blou mo\u017enost\u00ed, jak b\u00fdt praktick\u00e1 a z\u00e1rove\u0148 stylov\u00e1. V\u00a0obchodech m\u016f\u017eete nal\u00e9zt mnoho barevn\u00fdch variant a velk\u00e9 mno\u017estv\u00ed materi\u00e1l\u016f, od ko\u017eenky a\u017e po sametov\u00e9 varianty. Na ja\u0159e plat\u00ed, \u017ee \u010d\u00edm men\u0161\u00ed bat\u016f\u017eek, t\u00edm lep\u0161\u00ed. Vejde se do n\u011bj mnoho p\u0159edm\u011bt\u016f a z\u00e1rove\u0148 nebudete p\u016fsobit jako horalka, kter\u00e1 se zrovna vr\u00e1tila z\u00a0v\u00fd\u0161lapu.Ledvinky za\u010daly b\u00fdt celkem popul\u00e1rn\u00ed ji\u017e loni a letos se jejich sl\u00e1va pouze umoc\u0148uje. P\u0159esto\u017ee v\u00a0z\u00e1sad\u011b je ide\u00e1ln\u00ed variantou \u010dern\u00e1 ko\u017eenkov\u00e1 ledvinka, kterou mo\u017en\u00e1 ji\u017e m\u00e1te ve sv\u00e9m \u0161atn\u00edku, zkuste letos s\u00e1hnout i po jin\u00e9 variant\u011b \u2013 co t\u0159eba b\u00edl\u00e1, t\u011blov\u00e1, sv\u011btle r\u016f\u017eov\u00e1 nebo pastelov\u00e1 modr\u00e1? V\u0161echny tyto barvy ud\u011blaj\u00ed ze sportovn\u00ed ledvinky r\u00e1zem elegantn\u00ed m\u00f3dn\u00ed dopln\u011bk, kter\u00fd budete zbo\u017e\u0148ovat.\u0160\u00e1ly a \u0161\u00e1tkyAni letos nez\u016fstanou ve sk\u0159\u00edni v\u0161echny mo\u017en\u00e9 druhy \u0161\u00e1l a \u0161\u00e1tk\u016f. \u0160\u00e1ly na jaro samoz\u0159ejm\u011b doporu\u010dujeme sp\u00ed\u0161e z\u00a0leh\u010d\u00edch materi\u00e1l\u016f \u2013 nic, co v\u00e1s zaval\u00ed, pouze n\u011bco p\u0159\u00edjemn\u00e9ho, nap\u0159. bavlna. Lehounk\u00fd a tenk\u00fd \u0161\u00e1l vhodn\u011b dopln\u00ed outfit nap\u0159. s\u00a0d\u017e\u00ednovou nebo ko\u017eenkovou bundou ve dnech, kdy je\u0161t\u011b nen\u00ed takov\u00e9 teplo, ale z\u00e1rove\u0148 se nehod\u00ed obl\u00e9knout zimn\u00ed kab\u00e1t.\u0160\u00e1tky \u2013 \u010d\u00edm barevn\u011bj\u0161\u00ed, t\u00edm lep\u0161\u00ed. Zejm\u00e9na ve chv\u00edli, kdy se rozhodnete pro n\u011bjak\u00fd jednoduch\u00fd outfit, nap\u0159. \u010dern\u00e1, b\u00edl\u00e1, kr\u00e9mov\u00e1 jako\u017eto dominantn\u00ed barvy, nebojte se podtrhnout celkov\u00fd look v\u00fdrazn\u00fdm \u0161\u00e1tkem. Budete vypadat elegantn\u011b, a\u017e extravagantn\u011b.Slune\u010dn\u00ed br\u00fdleVzhledem ke st\u00e1le se zlep\u0161uj\u00edc\u00edmu po\u010das\u00ed, jarn\u00ed dny si lze jen t\u011b\u017eko p\u0159edstavit bez slune\u010dn\u00edch br\u00fdl\u00ed. Jako i lo\u0148sk\u00fd rok, s\u00e1hn\u011bte po ov\u011b\u0159en\u00fdch tvarech a nebojte se v\u011bt\u0161\u00edch velikost\u00ed, kter\u00e9 elegantn\u011b zar\u00e1muj\u00ed v\u00e1\u0161 obli\u010dej.                                                                                                                                                                                                                                                                                                                                                                                        4.2\/5 - (10 votes)        "},{"@context":"https:\/\/schema.org\/","@type":"BreadcrumbList","itemListElement":[{"@type":"ListItem","position":1,"name":"Jarn\u00ed dopl\u0148ky anebo jak b\u00fdt stylov\u00e1 a praktick\u00e1","item":"https:\/\/www.aridareal.cz\/jarni-doplnky-anebo-jak-byt-stylova-a-prakticka\/#breadcrumbitem"}]}]